[{"@context":"https:\/\/schema.org\/","@type":"Article","@id":"https:\/\/www.rebelion.cz\/bavlna-primo-na-telo\/#Article","mainEntityOfPage":"https:\/\/www.rebelion.cz\/bavlna-primo-na-telo\/","headline":"Bavlna p\u0159\u00edmo na t\u011blo","name":"Bavlna p\u0159\u00edmo na t\u011blo","description":"Abyste se mohli pohodln\u011b zachumlat a spokojen\u011b us\u00ednat, nab\u00edz\u00edme V\u00e1m prvot\u0159\u00eddn\u00ed bavln\u011bn\u00e9 povle\u010den\u00ed PREMIUM v t\u00e9 nejvy\u0161\u0161\u00ed kvalit\u011b. Je velmi p\u0159\u00edjemn\u00e9 na dotek, proto\u017ee je vyr\u00e1b\u011bno z ten\u010d\u00edch vl\u00e1ken hust\u0161\u00edm tkan\u00edm. Je velmi jemn\u00e9, p\u0159esto v\u0161ak pevn\u00e9 a dob\u0159e dr\u017e\u00ed tvar. Je dostate\u010dn\u011b sav\u00e9 a vhodn\u00e9 i pro osoby s citlivou poko\u017ekou nebo alergiemi. P\u0159\u00edmo [&hellip;]","datePublished":"2023-12-06","dateModified":"2023-12-06","author":{"@type":"Person","@id":"https:\/\/www.rebelion.cz\/author\/devene\/#Person","name":"devene","url":"https:\/\/www.rebelion.cz\/author\/devene\/","identifier":1,"image":{"@type":"ImageObject","@id":"https:\/\/secure.gravatar.com\/avatar\/fb50772173929303fbe6024f179e4dd9837c71f6efc661bdb046860d442d05b5?s=96&d=mm&r=g","url":"https:\/\/secure.gravatar.com\/avatar\/fb50772173929303fbe6024f179e4dd9837c71f6efc661bdb046860d442d05b5?s=96&d=mm&r=g","height":96,"width":96}},"publisher":{"@type":"Organization","name":"rebelion.cz","logo":{"@type":"ImageObject","@id":"\/logo.png","url":"\/logo.png","width":600,"height":60}},"url":"https:\/\/www.rebelion.cz\/bavlna-primo-na-telo\/","wordCount":251,"articleBody":"Abyste se mohli pohodln\u011b zachumlat a spokojen\u011b us\u00ednat, nab\u00edz\u00edme V\u00e1m prvot\u0159\u00eddn\u00ed bavln\u011bn\u00e9 povle\u010den\u00ed PREMIUM v t\u00e9 nejvy\u0161\u0161\u00ed kvalit\u011b. Je velmi p\u0159\u00edjemn\u00e9 na dotek, proto\u017ee je vyr\u00e1b\u011bno z ten\u010d\u00edch vl\u00e1ken hust\u0161\u00edm tkan\u00edm. Je velmi jemn\u00e9, p\u0159esto v\u0161ak pevn\u00e9 a dob\u0159e dr\u017e\u00ed tvar. Je dostate\u010dn\u011b sav\u00e9 a vhodn\u00e9 i pro osoby s citlivou poko\u017ekou nebo alergiemi. P\u0159\u00edmo l\u00e1k\u00e1 k odpo\u010dinku. Abyste si byli sv\u00fdm v\u00fdb\u011brem jisti, vyu\u017eijte mo\u017enost zasl\u00e1n\u00ed vzorku l\u00e1tky, jen tak si ud\u011bl\u00e1te zcela p\u0159esnou p\u0159edstavu o kvalit\u011b materi\u00e1lu.R\u016fzn\u00e9 rozm\u011bry, kr\u00e1sn\u00e9 vzoryVelk\u00fd v\u00fdb\u011br povle\u010den\u00ed najdete v klasick\u00fdch rozm\u011brech 140 cm x 200 cm. Vejde se do nich ka\u017ed\u00e1 tzv. norm\u00e1ln\u00ed pe\u0159ina. Pro dlouh\u00e1ny a \u010dahouny nab\u00edz\u00edme i prodlou\u017een\u00e9 verze v rozm\u011bru 140 cm x 220 cm, pod takovou pe\u0159inou rozhodn\u011b nez\u016fstane v noh\u00e1ch \u017e\u00e1dn\u00e9 postele nic odkryto. Pro milovn\u00edky spole\u010dn\u00e9ho span\u00ed jsou samoz\u0159ejmost\u00ed c\u00edchy na francouzsk\u00e9 pe\u0159iny v rozm\u011brech 220 cm x 200 cm, do kter\u00fdch se zachuml\u00e1te hrav\u011b oba dva. A\u0165 u\u017e m\u00e1te r\u00e1di pest\u0159ej\u0161\u00ed barvy, nebo d\u00e1v\u00e1te p\u0159ednost tlumen\u00fdm pastelov\u00fdm t\u00f3n\u016fm, u n\u00e1s si vyberete podle sv\u00fdch n\u00e1rok\u016f na kvalitu i podle sv\u00e9ho vkusu.                                                                                                                                                                                                                                                                                                                                                                                        3.6\/5 - (7 votes)        "},{"@context":"https:\/\/schema.org\/","@type":"BreadcrumbList","itemListElement":[{"@type":"ListItem","position":1,"name":"Bavlna p\u0159\u00edmo na t\u011blo","item":"https:\/\/www.rebelion.cz\/bavlna-primo-na-telo\/#breadcrumbitem"}]}]