[{"@context":"https:\/\/schema.org\/","@type":"Article","@id":"https:\/\/www.rebelion.cz\/jak-moc-si-prejete-novy-obyvaci-pokoj\/#Article","mainEntityOfPage":"https:\/\/www.rebelion.cz\/jak-moc-si-prejete-novy-obyvaci-pokoj\/","headline":"Jak moc si p\u0159ejete nov\u00fd ob\u00fdvac\u00ed pokoj?","name":"Jak moc si p\u0159ejete nov\u00fd ob\u00fdvac\u00ed pokoj?","description":"Co \u0159\u00edk\u00e1te na to, \u017ee byste si obm\u011bnili v\u00e1\u0161 ob\u00fdvac\u00ed pokoj k nepozn\u00e1n\u00ed a p\u0159itom v\u00e1s to nest\u00e1lo p\u0159\u00edli\u0161 v\u00fddaj\u016f? D\u00edky n\u00e1m je toto lehce realizovateln\u00e9. Po\u0159i\u010fte si u n\u00e1s ob\u00fdvac\u00ed st\u011bny a sestavy, kter\u00e9 dosahuj\u00ed nadpr\u016fm\u011brn\u00e9 kvality a skv\u011bl\u00e9 ceny. V\u011b\u0159\u00edme, \u017ee v\u00fdb\u011brem u n\u00e1s dos\u00e1hnete maxim\u00e1ln\u00ed spokojenosti. V na\u0161em internetov\u00e9m obchod\u011b naleznete, ale [&hellip;]","datePublished":"2024-12-26","dateModified":"2024-12-26","author":{"@type":"Person","@id":"https:\/\/www.rebelion.cz\/author\/devene\/#Person","name":"devene","url":"https:\/\/www.rebelion.cz\/author\/devene\/","identifier":1,"image":{"@type":"ImageObject","@id":"https:\/\/secure.gravatar.com\/avatar\/fb50772173929303fbe6024f179e4dd9837c71f6efc661bdb046860d442d05b5?s=96&d=mm&r=g","url":"https:\/\/secure.gravatar.com\/avatar\/fb50772173929303fbe6024f179e4dd9837c71f6efc661bdb046860d442d05b5?s=96&d=mm&r=g","height":96,"width":96}},"publisher":{"@type":"Organization","name":"rebelion.cz","logo":{"@type":"ImageObject","@id":"\/logo.png","url":"\/logo.png","width":600,"height":60}},"url":"https:\/\/www.rebelion.cz\/jak-moc-si-prejete-novy-obyvaci-pokoj\/","wordCount":169,"articleBody":"Co \u0159\u00edk\u00e1te na to, \u017ee byste si obm\u011bnili v\u00e1\u0161 ob\u00fdvac\u00ed pokoj k nepozn\u00e1n\u00ed a p\u0159itom v\u00e1s to nest\u00e1lo p\u0159\u00edli\u0161 v\u00fddaj\u016f? D\u00edky n\u00e1m je toto lehce realizovateln\u00e9. Po\u0159i\u010fte si u n\u00e1s ob\u00fdvac\u00ed st\u011bny a sestavy, kter\u00e9 dosahuj\u00ed nadpr\u016fm\u011brn\u00e9 kvality a skv\u011bl\u00e9 ceny. V\u011b\u0159\u00edme, \u017ee v\u00fdb\u011brem u n\u00e1s dos\u00e1hnete maxim\u00e1ln\u00ed spokojenosti. V na\u0161em internetov\u00e9m obchod\u011b naleznete, ale nejen to. V na\u0161\u00ed nab\u00eddce m\u00e1me i vybaven\u00ed pro j\u00eddelny, kuchyn\u011b a d\u011btsk\u00e9 pokoj\u00ed\u010dky. Ob\u00fdvac\u00ed st\u011bny a sestavy v\u00e1m dod\u00e1me v demontu. Je mo\u017en\u00e9 doobjednat si i sestaven\u00ed sk\u0159\u00edn\u011bk za p\u0159\u00edplatek. Je mo\u017en\u00e9 tak\u00e9 doobjednat slu\u017ebu v\u00fdnos do patra. V\u00fdnos do patra a mont\u00e1\u017e Za p\u0159\u00edplatek je mo\u017en\u00e9 pro ob\u00fdvac\u00ed st\u011bny a sestavy domluvit za p\u0159\u00edplatek i mont\u00e1\u017e a v\u00fdnos do patra.                                                                                                                                                                                                                                                                                                                                                                                        4.2\/5 - (4 votes)        "},{"@context":"https:\/\/schema.org\/","@type":"BreadcrumbList","itemListElement":[{"@type":"ListItem","position":1,"name":"Jak moc si p\u0159ejete nov\u00fd ob\u00fdvac\u00ed pokoj?","item":"https:\/\/www.rebelion.cz\/jak-moc-si-prejete-novy-obyvaci-pokoj\/#breadcrumbitem"}]}]