[{"@context":"https:\/\/schema.org\/","@type":"Article","@id":"https:\/\/www.rebelion.cz\/kozene-vyrobky\/#Article","mainEntityOfPage":"https:\/\/www.rebelion.cz\/kozene-vyrobky\/","headline":"Ko\u017een\u00e9 v\u00fdrobky","name":"Ko\u017een\u00e9 v\u00fdrobky","description":"Ko\u017een\u00e9 leg\u00edny byly v\u017edycky moje obl\u00edben\u00e9. Moc se mi l\u00edb\u00ed k\u016f\u017ee jako takov\u00e1. V\u017edy\u0165 k\u016f\u017ee je n\u00e1m velmi p\u0159irozen\u00e1, u\u017e jako d\u00e1vn\u00ed lid\u00e9 vyu\u017e\u00edvali k\u016f\u017ei. Nen\u00ed v\u00fdjimka, \u017ee k\u016f\u017ee kdysi d\u00e1vno plnila funkci praktickou, a ne estetickou jako v dne\u0161n\u00ed dob\u011b. J\u00e1 d\u00e1v\u00e1m p\u0159ednost k\u016f\u017ei, proto\u017ee k\u016f\u017ee je velmi kvalitn\u00ed v\u00fdrobek a kvalitn\u00ed materi\u00e1l. Z [&hellip;]","datePublished":"2022-03-28","dateModified":"2022-03-28","author":{"@type":"Person","@id":"https:\/\/www.rebelion.cz\/author\/devene\/#Person","name":"devene","url":"https:\/\/www.rebelion.cz\/author\/devene\/","identifier":1,"image":{"@type":"ImageObject","@id":"https:\/\/secure.gravatar.com\/avatar\/fb50772173929303fbe6024f179e4dd9837c71f6efc661bdb046860d442d05b5?s=96&d=mm&r=g","url":"https:\/\/secure.gravatar.com\/avatar\/fb50772173929303fbe6024f179e4dd9837c71f6efc661bdb046860d442d05b5?s=96&d=mm&r=g","height":96,"width":96}},"publisher":{"@type":"Organization","name":"rebelion.cz","logo":{"@type":"ImageObject","@id":"\/logo.png","url":"\/logo.png","width":600,"height":60}},"image":{"@type":"ImageObject","@id":"https:\/\/www.rebelion.cz\/wp-content\/uploads\/pexels-miriam-alonso-7593007_1.jpg","url":"https:\/\/www.rebelion.cz\/wp-content\/uploads\/pexels-miriam-alonso-7593007_1.jpg","height":0,"width":0},"url":"https:\/\/www.rebelion.cz\/kozene-vyrobky\/","about":["Technika"],"wordCount":476,"articleBody":"   Ko\u017een\u00e9 leg\u00edny byly v\u017edycky moje obl\u00edben\u00e9. Moc se mi l\u00edb\u00ed k\u016f\u017ee jako takov\u00e1. V\u017edy\u0165 k\u016f\u017ee je n\u00e1m velmi p\u0159irozen\u00e1, u\u017e jako d\u00e1vn\u00ed lid\u00e9 vyu\u017e\u00edvali k\u016f\u017ei. Nen\u00ed v\u00fdjimka, \u017ee k\u016f\u017ee kdysi d\u00e1vno plnila funkci praktickou, a ne estetickou jako v dne\u0161n\u00ed dob\u011b. J\u00e1 d\u00e1v\u00e1m p\u0159ednost k\u016f\u017ei, proto\u017ee k\u016f\u017ee je velmi kvalitn\u00ed v\u00fdrobek a kvalitn\u00ed materi\u00e1l. Z k\u016f\u017ee jde toho d\u011blat opravdu hodn\u011b. J\u00e1 m\u00e1m moc r\u00e1da t\u0159eba ko\u017een\u00e9 boty. Bez nich bych se v\u016fbec neobe\u0161la, jsou moje nejobl\u00edben\u011bj\u0161\u00ed a nos\u00edm je t\u00e9m\u011b\u0159 denn\u011b. M\u00e1m svoje obl\u00edben\u00e9. A abych m\u011bla s \u010d\u00edm kombinovat, tak m\u00e1m ko\u017een\u00e9 boty hned troje. M\u00e1m klasickou b\u00edlou barvu i \u010dernou a nyn\u00ed k tomu p\u0159ibyla i \u010derven\u00e1 k\u016f\u017ee. A mus\u00edm \u0159\u00edct, \u017ee s \u010derven\u00fdmi ko\u017een\u00fdmi boty na kl\u00ednku v\u0161ude boduji. A kdy\u017e k nim d\u00e1m ko\u017een\u00e9 leg\u00edny, tak jsem na vrcholu blaha. V k\u016f\u017ei se toti\u017e c\u00edt\u00edm velmi dob\u0159e. Nav\u00edc u toho nehroz\u00ed, \u017ee bych mohla m\u00edt kv\u016fli oble\u010den\u00ed n\u011bjakou alergickou reakci. Nav\u00edc m\u00e1m i ko\u017eenou kabelku. Bez n\u00ed bych taky asi nemohla existovat. M\u00e1m svou obl\u00edbenou velkou ko\u017eenou ta\u0161ku, kterou pou\u017e\u00edv\u00e1m t\u00e9m\u011b\u0159 denn\u011b. Je vhodn\u00e1 na n\u00e1kupy a nehroz\u00ed, \u017ee by u n\u00ed prasklo ucho pod t\u011b\u017ekou vahou n\u00e1kupu. Nav\u00edc ko\u017een\u00e9 ta\u0161ky jsou st\u00e1le v kurzu a budou po\u0159\u00e1d. A co se t\u00fd\u010de mal\u00fdch kabelek, tak ty m\u00e1m dv\u011b. A taky v\u0161echny ko\u017een\u00e9.V\u00edte, k\u016f\u017ee je perfektn\u00ed v tom, \u017ee jen tak se nezni\u010d\u00ed. Je elastick\u00e1 a pru\u017en\u00e1 sama o sob\u011b, tak\u017ee m\u00e1 skv\u011bl\u00e9 vlastnosti. Ov\u0161em pozor! O ko\u017een\u00e9 v\u00fdrobky se \u010dlov\u011bk mus\u00ed \u0159\u00e1dn\u011b starat nebo se zni\u010d\u00ed. Nezapome\u0148me, \u017ee se jedn\u00e1 o kdysi \u017eiv\u00fd materi\u00e1l. Tak\u017ee o ko\u017een\u00e9 v\u011bci se star\u00e1me p\u0159\u00edpravky tomu ur\u010den\u00e9. Nap\u0159\u00edklad svou obuv o\u0161et\u0159uji speci\u00e1ln\u00edmi kr\u00e9my na ko\u017een\u00e9 boty. A mus\u00edm \u0159\u00edct, \u017ee boty jsou st\u00e1le jako nov\u00e9, i kdy\u017e je m\u00e1m t\u0159et\u00edm rokem. Sta\u010d\u00ed ka\u017ed\u00fd m\u011bs\u00edc o\u0161et\u0159it obuv a m\u00e1te vyhr\u00e1no. To sam\u00e9 kabelky z k\u016f\u017ee. V galanterii jist\u011b po\u0159\u00edd\u00edte kvalitn\u00ed o\u0161et\u0159uj\u00edc\u00ed p\u0159\u00edpravek. A oble\u010den\u00ed? Ano, i to m\u00e1 svou specifickou p\u00e9\u010di. V\u00edce informac\u00ed o ko\u017een\u00fdch v\u011bcech m\u00e1te na na\u0161em webu, kde si ur\u010dit\u011b vyberete.                                                                                                                                                                                                                                                                                                                                                                                          4.5\/5 - (4 votes)        "},{"@context":"https:\/\/schema.org\/","@type":"BreadcrumbList","itemListElement":[{"@type":"ListItem","position":1,"name":"Ko\u017een\u00e9 v\u00fdrobky","item":"https:\/\/www.rebelion.cz\/kozene-vyrobky\/#breadcrumbitem"}]}]