[{"@context":"https:\/\/schema.org\/","@type":"Article","@id":"https:\/\/www.rebelion.cz\/neni-to-pouze-ozdobny-obal-prokvetiny\/#Article","mainEntityOfPage":"https:\/\/www.rebelion.cz\/neni-to-pouze-ozdobny-obal-prokvetiny\/","headline":"Nen\u00ed to pouze ozdobn\u00fd obal prokv\u011btiny","name":"Nen\u00ed to pouze ozdobn\u00fd obal prokv\u011btiny","description":"Dne\u0161n\u00ed doba je n\u00e1ro\u010dn\u00e1 dokonce i na oby\u010dejn\u00e9 kv\u011btin\u00e1\u010de. Pokud m\u00e1te V\u00e1\u0161 interi\u00e9r za\u0159\u00edzen\u00fd luxusn\u00edm n\u00e1bytkem, nejsp\u00ed\u0161 budete n\u00e1ro\u010dn\u00e1 i na kv\u011btin\u00e1\u010de. P\u0159ece si cel\u00fd \u00fa\u017easn\u00fd efekt nezkaz\u00edte n\u011bjak\u00fdm star\u00fdm modelem, kter\u00fd pou\u017e\u00edvala je\u0161t\u011b Va\u0161e babi\u010dka. Va\u0161e dom\u00e1cnost je za\u0159\u00edzena v duchu minimalismu. P\u0159ezdoben\u00e9 k\u00fd\u010de do Va\u0161eho interi\u00e9ru prost\u011b nepat\u0159\u00ed. Z\u00e1rove\u0148 v\u0161ak moc dob\u0159e v\u00edte, [&hellip;]","datePublished":"2023-09-20","dateModified":"2023-09-20","author":{"@type":"Person","@id":"https:\/\/www.rebelion.cz\/author\/devene\/#Person","name":"devene","url":"https:\/\/www.rebelion.cz\/author\/devene\/","identifier":1,"image":{"@type":"ImageObject","@id":"https:\/\/secure.gravatar.com\/avatar\/fb50772173929303fbe6024f179e4dd9837c71f6efc661bdb046860d442d05b5?s=96&d=mm&r=g","url":"https:\/\/secure.gravatar.com\/avatar\/fb50772173929303fbe6024f179e4dd9837c71f6efc661bdb046860d442d05b5?s=96&d=mm&r=g","height":96,"width":96}},"publisher":{"@type":"Organization","name":"rebelion.cz","logo":{"@type":"ImageObject","@id":"\/logo.png","url":"\/logo.png","width":600,"height":60}},"url":"https:\/\/www.rebelion.cz\/neni-to-pouze-ozdobny-obal-prokvetiny\/","wordCount":238,"articleBody":"Dne\u0161n\u00ed doba je n\u00e1ro\u010dn\u00e1 dokonce i na oby\u010dejn\u00e9 kv\u011btin\u00e1\u010de. Pokud m\u00e1te V\u00e1\u0161 interi\u00e9r za\u0159\u00edzen\u00fd luxusn\u00edm n\u00e1bytkem, nejsp\u00ed\u0161 budete n\u00e1ro\u010dn\u00e1 i na kv\u011btin\u00e1\u010de. P\u0159ece si cel\u00fd \u00fa\u017easn\u00fd efekt nezkaz\u00edte n\u011bjak\u00fdm star\u00fdm modelem, kter\u00fd pou\u017e\u00edvala je\u0161t\u011b Va\u0161e babi\u010dka. Va\u0161e dom\u00e1cnost je za\u0159\u00edzena v duchu minimalismu. P\u0159ezdoben\u00e9 k\u00fd\u010de do Va\u0161eho interi\u00e9ru prost\u011b nepat\u0159\u00ed. Z\u00e1rove\u0148 v\u0161ak moc dob\u0159e v\u00edte, \u017ee kv\u011btin\u00e1\u010d nen\u00ed pouze ozdobn\u00fd obal pro kv\u011btiny. Lechuza si dala s jeho v\u00fdvojem doopravdy hodn\u011b pr\u00e1ce. Va\u0161e kv\u011btiny budou ka\u017ed\u00fd den v bezpe\u010d\u00ed.Praktick\u00fd kv\u011btin\u00e1\u010d, kter\u00fd dob\u0159e vypad\u00e1Hodl\u00e1te m\u00edt doma pouze praktick\u00e9 kv\u011btin\u00e1\u010de, kter\u00e9 budou jako bonus i dob\u0159e vypadat. Kv\u011btin\u00e1\u010d prost\u011b mus\u00ed b\u00fdt jako Vy. Jste taky hodn\u011b praktick\u00e1 a z\u00e1rove\u0148 i dob\u0159e vypad\u00e1te. Alespo\u0148 man\u017eel to o V\u00e1s i po letech spole\u010dn\u00e9ho sou\u017eit\u00ed tvrd\u00ed. Lechuza by mohla splnit Va\u0161e sny. Vy si budete muset pouze vybrat n\u011bjak\u00fd \u00fa\u017easn\u00fd model z velk\u00e9ho katalogu. U\u017e nyn\u00ed se Va\u0161e kv\u011btiny mohou t\u011b\u0161it. Bude o n\u011b n\u00e1le\u017eit\u011b postar\u00e1no. Komfortn\u00ed prost\u0159ed\u00ed jako ve voln\u00e9 p\u0159\u00edrod\u011b bude doopravdy na denn\u00edm po\u0159\u00e1dku.                                                                                                                                                                                                                                                                                                                                                                                        4.4\/5 - (7 votes)        "},{"@context":"https:\/\/schema.org\/","@type":"BreadcrumbList","itemListElement":[{"@type":"ListItem","position":1,"name":"Nen\u00ed to pouze ozdobn\u00fd obal prokv\u011btiny","item":"https:\/\/www.rebelion.cz\/neni-to-pouze-ozdobny-obal-prokvetiny\/#breadcrumbitem"}]}]